{"id":161,"date":"2015-05-07T20:36:08","date_gmt":"2015-05-07T18:36:08","guid":{"rendered":"https:\/\/2tramps1world.wordpress.com\/?p=161"},"modified":"2015-05-07T20:36:08","modified_gmt":"2015-05-07T18:36:08","slug":"es-wird-ernst","status":"publish","type":"post","link":"https:\/\/2tramps1world.com\/?p=161","title":{"rendered":"Es wird ernst&#8230;."},"content":{"rendered":"<p>Jetzt gibt es wirklich (fast) kein Zur\u00fcck mehr. Der Flug ist gebucht!! Oneway nach Kolumbien am 03.07.2015! Die Wohnung und die Jobs sind ja schon l\u00e4nger gek\u00fcndigt und nun steht sozusagen ein ENDG\u00dcLTIGER Termin fest.<\/p>\n<p>Das ist wirklich ein unglaubliches Gef\u00fchl&#8230;Freude gemischt mit Nervosit\u00e4t (haben wir wirklich an alles gedacht? Ist das wirklich der richtige Schritt?). Jetzt wo der Termin feststeht an dem wir Deutschland f\u00fcr eine (f\u00fcr uns) wirklich lange Zeit verlassen, f\u00fchlt es sich &#8222;endg\u00fcltig&#8220;, aufregend und richtig an. Nat\u00fcrlich sind wir gespannt und haben Angst was grundlegendes vergessen zu haben, aber was haben wir zu verlieren? Unsere Wohnung werden wir in 3 Wochen ger\u00e4umt haben und in 3 Wochen ist auch schon fast der letzte Arbeitstag beendet&#8230;<\/p>\n<p>Ich denke unsere Heimat wird uns sicher fehlen&#8230;<\/p>\n<p><a href=\"https:\/\/2tramps1world.files.wordpress.com\/2015\/05\/downloadfile.jpeg\"><img loading=\"lazy\" decoding=\"async\" data-attachment-id=\"163\" data-permalink=\"https:\/\/2tramps1world.com\/?attachment_id=163\" data-orig-file=\"https:\/\/i0.wp.com\/2tramps1world.com\/wp-content\/uploads\/2015\/05\/downloadfile.jpeg?fit=8082%2C2332&amp;ssl=1\" data-orig-size=\"8082,2332\" data-comments-opened=\"1\" data-image-meta=\"{&quot;aperture&quot;:&quot;2.2&quot;,&quot;credit&quot;:&quot;&quot;,&quot;camera&quot;:&quot;iPhone 5s&quot;,&quot;caption&quot;:&quot;&quot;,&quot;created_timestamp&quot;:&quot;1430494055&quot;,&quot;copyright&quot;:&quot;&quot;,&quot;focal_length&quot;:&quot;4.15&quot;,&quot;iso&quot;:&quot;125&quot;,&quot;shutter_speed&quot;:&quot;0.00406504065041&quot;,&quot;title&quot;:&quot;&quot;,&quot;orientation&quot;:&quot;0&quot;}\" data-image-title=\"downloadfile\" data-image-description=\"\" data-image-caption=\"\" data-medium-file=\"https:\/\/i0.wp.com\/2tramps1world.com\/wp-content\/uploads\/2015\/05\/downloadfile.jpeg?fit=300%2C87&amp;ssl=1\" data-large-file=\"https:\/\/i0.wp.com\/2tramps1world.com\/wp-content\/uploads\/2015\/05\/downloadfile.jpeg?fit=1024%2C295&amp;ssl=1\" class=\"aligncenter wp-image-163 size-large\" src=\"https:\/\/2tramps1world.files.wordpress.com\/2015\/05\/downloadfile.jpeg?w=660&#038;resize=660%2C190\" alt=\"downloadfile\" width=\"660\" height=\"190\" srcset=\"https:\/\/i0.wp.com\/2tramps1world.com\/wp-content\/uploads\/2015\/05\/downloadfile.jpeg?w=8082&amp;ssl=1 8082w, https:\/\/i0.wp.com\/2tramps1world.com\/wp-content\/uploads\/2015\/05\/downloadfile.jpeg?resize=300%2C87&amp;ssl=1 300w, https:\/\/i0.wp.com\/2tramps1world.com\/wp-content\/uploads\/2015\/05\/downloadfile.jpeg?resize=768%2C222&amp;ssl=1 768w, https:\/\/i0.wp.com\/2tramps1world.com\/wp-content\/uploads\/2015\/05\/downloadfile.jpeg?resize=1024%2C295&amp;ssl=1 1024w, https:\/\/i0.wp.com\/2tramps1world.com\/wp-content\/uploads\/2015\/05\/downloadfile.jpeg?resize=809%2C233&amp;ssl=1 809w, https:\/\/i0.wp.com\/2tramps1world.com\/wp-content\/uploads\/2015\/05\/downloadfile.jpeg?w=2340 2340w, https:\/\/i0.wp.com\/2tramps1world.com\/wp-content\/uploads\/2015\/05\/downloadfile.jpeg?w=3510 3510w\" sizes=\"(max-width: 660px) 100vw, 660px\" data-recalc-dims=\"1\" \/><\/a><\/p>\n","protected":false},"excerpt":{"rendered":"<p>Jetzt gibt es wirklich (fast) kein Zur\u00fcck mehr. Der Flug ist gebucht!! Oneway nach Kolumbien am 03.07.2015! Die Wohnung und die Jobs sind ja schon l\u00e4nger gek\u00fcndigt und nun steht sozusagen ein ENDG\u00dcLTIGER Termin fest. Das ist wirklich ein unglaubliches Gef\u00fchl&#8230;Freude gemischt mit Nervosit\u00e4t (haben wir wirklich an alles gedacht? Ist das wirklich der richtige Schritt?). Jetzt wo der Termin [&hellip;]<\/p>\n","protected":false},"author":1,"featured_media":0,"comment_status":"open","ping_status":"open","sticky":false,"template":"","format":"standard","meta":{"jetpack_post_was_ever_published":false,"footnotes":"","jetpack_publicize_message":"","jetpack_is_tweetstorm":false,"jetpack_publicize_feature_enabled":true},"categories":[2],"tags":[],"class_list":["post-161","post","type-post","status-publish","format-standard","hentry","category-allgemein"],"jetpack_publicize_connections":[],"jetpack_featured_media_url":"","jetpack_sharing_enabled":true,"jetpack_shortlink":"https:\/\/wp.me\/p9guwb-2B","jetpack_likes_enabled":true,"jetpack-related-posts":[{"id":3863,"url":"https:\/\/2tramps1world.com\/?p=3863","url_meta":{"origin":161,"position":0},"title":"Buenos Aires &#8211; Zeit f\u00fcr eine Auszeit","date":"2. April 2016","format":false,"excerpt":"Nach Wochen in Patagonien, die wir \u00fcberwiegend im Zelt in kleinen Orten verbracht haben, sind wir irgendwie \u00fcberw\u00e4ltigt von der Gro\u00dfstadt und kommen am ersten Tag so gar nicht klar und sind genervt...zu viele Menschen, Busse, Autos, L\u00e4rm! Mist, was haben wir uns dabei gedacht? Warum haben wir Patagonien, die\u2026","rel":"","context":"In &quot;Argentinien&quot;","img":{"alt_text":"","src":"https:\/\/i0.wp.com\/2tramps1world.com\/wp-content\/uploads\/2016\/03\/dsc074170101-jpg.jpeg?fit=1200%2C820&ssl=1&resize=350%2C200","width":350,"height":200},"classes":[]},{"id":429,"url":"https:\/\/2tramps1world.com\/?p=429","url_meta":{"origin":161,"position":1},"title":"San Gil &#8211; &#8222;Outdoormekka&#8220; von Kolumbien","date":"7. August 2015","format":false,"excerpt":"Nach 12 Stunden Busfahrt von Santa Marta nach San Gil, sind wir 1. froh angekommen zu sein (die Zeit ging gar nicht sooo schnell rum, auch wenn wir den Nachtbus in der Hoffnung genommen haben, schlafen zu k\u00f6nnen) und 2. froh nicht erfroren zu sein! Der Bus war auf dezente\u2026","rel":"","context":"In &quot;Kolumbien&quot;","img":{"alt_text":"","src":"https:\/\/i0.wp.com\/2tramps1world.com\/wp-content\/uploads\/2015\/08\/wpid-2015_0727_095111_001.jpg?resize=350%2C200","width":350,"height":200},"classes":[]},{"id":773,"url":"https:\/\/2tramps1world.com\/?p=773","url_meta":{"origin":161,"position":2},"title":"Bienvenidos a Ecuador","date":"25. August 2015","format":false,"excerpt":"Inzwischen sind wir seit 2 Wochen in Ecuador & waren ein bisschen schreibfaul. Deswegen hier nochmal ein Lebenszeichen :-) Schwerer Start in Ecuador... Wir haben uns am 12. August abends auf den Weg Richtung Ecuador gemacht. Vorgesehen war eine ca. 19-st\u00fcndige Busfahrt inkl. Grenzangelegenheiten wie Ausreise aus Kolumbien und Einreise\u2026","rel":"","context":"In &quot;Ecuador&quot;","img":{"alt_text":"","src":"https:\/\/i0.wp.com\/2tramps1world.com\/wp-content\/uploads\/2015\/08\/wpid-dsc01824.jpg?fit=1200%2C676&ssl=1&resize=350%2C200","width":350,"height":200},"classes":[]},{"id":4311,"url":"https:\/\/2tramps1world.com\/?p=4311","url_meta":{"origin":161,"position":3},"title":"Iguaz\u00fa-Wasserf\u00e4lle und Paraguay &#8211; Urlaub im &#8222;Urlaub&#8220; Teil II","date":"28. April 2016","format":false,"excerpt":"Vor ein paar Wochen stand der Ausflug zu den Iguaz\u00fa-Wasserf\u00e4llen schon gar nicht mehr auf unserem Plan. Wir hatten zum einen keine Zeit mehr daf\u00fcr, zum anderen war es uns einfach zu teuer und unser Bedarf an Wasserfall-Besichtigungen war f\u00fcrs erste auch mal gedeckt. Das Interesse hatte sich ein bisschen\u2026","rel":"","context":"In &quot;Brasilien&quot;","img":{"alt_text":"","src":"https:\/\/i0.wp.com\/2tramps1world.com\/wp-content\/uploads\/2016\/04\/dsc0795501-jpg.jpeg?fit=1200%2C900&ssl=1&resize=350%2C200","width":350,"height":200},"classes":[]},{"id":9113,"url":"https:\/\/2tramps1world.com\/?p=9113","url_meta":{"origin":161,"position":4},"title":"Braucht man wirklich einen Plan zum reisen?","date":"15. Juli 2018","format":false,"excerpt":"Vor ziemlich genau 3 Jahren haben wir unsere Zelte in Deutschland abgebrochen um ein Jahr um die Welt zu reisen.\u00a0So einfach das klingen mag, so leicht ist uns weder die Entscheidung gefallen noch war der Weg dahin ein leichter. Konflikte, Zweifel, Gewissensbisse und auch Angst vor dem Ungewissen haben uns\u2026","rel":"","context":"In &quot;Ozeanien&quot;","img":{"alt_text":"","src":"https:\/\/i0.wp.com\/2tramps1world.com\/wp-content\/uploads\/2018\/07\/IMG_1252.jpg?fit=1200%2C900&ssl=1&resize=350%2C200","width":350,"height":200},"classes":[]},{"id":272,"url":"https:\/\/2tramps1world.com\/?p=272","url_meta":{"origin":161,"position":5},"title":"Heisssss&#8230;.","date":"10. Juli 2015","format":false,"excerpt":"Vor ein paar Tagen war der letzte Stand der Dinge, dass wir uns auf den Weg Richtung Cartagena machen, richtig? Nun haben wir 2 Tage in Cartagena verbracht und sind \u00fcber Santa Marta nach Taganga an die K\u00fcste gefahren....endlich Sonne, Strand UND Meer! Das Wasser hatten wir dringend n\u00f6tig, nach\u2026","rel":"","context":"In &quot;Kolumbien&quot;","img":{"alt_text":"","src":"https:\/\/i0.wp.com\/2tramps1world.com\/wp-content\/uploads\/2015\/07\/wpid-dsc00689.jpg?resize=350%2C200","width":350,"height":200},"classes":[]}],"_links":{"self":[{"href":"https:\/\/2tramps1world.com\/index.php?rest_route=\/wp\/v2\/posts\/161"}],"collection":[{"href":"https:\/\/2tramps1world.com\/index.php?rest_route=\/wp\/v2\/posts"}],"about":[{"href":"https:\/\/2tramps1world.com\/index.php?rest_route=\/wp\/v2\/types\/post"}],"author":[{"embeddable":true,"href":"https:\/\/2tramps1world.com\/index.php?rest_route=\/wp\/v2\/users\/1"}],"replies":[{"embeddable":true,"href":"https:\/\/2tramps1world.com\/index.php?rest_route=%2Fwp%2Fv2%2Fcomments&post=161"}],"version-history":[{"count":0,"href":"https:\/\/2tramps1world.com\/index.php?rest_route=\/wp\/v2\/posts\/161\/revisions"}],"wp:attachment":[{"href":"https:\/\/2tramps1world.com\/index.php?rest_route=%2Fwp%2Fv2%2Fmedia&parent=161"}],"wp:term":[{"taxonomy":"category","embeddable":true,"href":"https:\/\/2tramps1world.com\/index.php?rest_route=%2Fwp%2Fv2%2Fcategories&post=161"},{"taxonomy":"post_tag","embeddable":true,"href":"https:\/\/2tramps1world.com\/index.php?rest_route=%2Fwp%2Fv2%2Ftags&post=161"}],"curies":[{"name":"wp","href":"https:\/\/api.w.org\/{rel}","templated":true}]}}